{"provider_url": "https://www.cachoeirodeitapemirim.es.leg.br", "title": "Ex-presidentes", "html": "<p>Estes foram os Presidentes da C\u00e2mara Municipal de Cachoeiro de Itapemirim desde 1914:<span>\u00a0</span></p>\r\n<table class=\"listing\">\r\n<tbody>\r\n<tr>\r\n<td class=\"td5\" style=\"text-align: left; \">Manoel Alves de Barros Junior</td>\r\n<td class=\"td5\" style=\"text-align: center; \">1914</td>\r\n</tr>\r\n<tr>\r\n<td class=\"td5\">Felinto Martins</td>\r\n<td class=\"td5\" style=\"text-align: center; \">1915</td>\r\n</tr>\r\n<tr>\r\n<td class=\"td5\">Jos\u00e9 Alves Rangel</td>\r\n<td class=\"td5\" style=\"text-align: center; \">1916 \u2013 1919</td>\r\n</tr>\r\n<tr>\r\n<td class=\"td5\">At\u00edlio Viv\u00e1qua</td>\r\n<td class=\"td5\" style=\"text-align: center; \">1920 \u2013 1922</td>\r\n</tr>\r\n<tr>\r\n<td class=\"td5\">Rafael Di Martins</td>\r\n<td class=\"td5\" style=\"text-align: center; \">1923 \u2013 1926</td>\r\n</tr>\r\n<tr>\r\n<td class=\"td5\">Ricardo Gon\u00e7alves</td>\r\n<td class=\"td5\" style=\"text-align: center; \">1927</td>\r\n</tr>\r\n<tr>\r\n<td class=\"td5\">Francisco Gon\u00e7alves</td>\r\n<td class=\"td5\" style=\"text-align: center; \">1928 \u2013 1930</td>\r\n</tr>\r\n<tr>\r\n<td class=\"td5\">Pedro Cuevas Junior</td>\r\n<td class=\"td5\" style=\"text-align: center; \">1936</td>\r\n</tr>\r\n<tr>\r\n<td class=\"td5\">Ant\u00f4nio Alves da Cunha</td>\r\n<td class=\"td5\" style=\"text-align: center; \">1937</td>\r\n</tr>\r\n<tr>\r\n<td class=\"td5\">Mac\u00e1rio Ramos J\u00fadice</td>\r\n<td class=\"td5\" style=\"text-align: center; \">1947 \u2013 1948</td>\r\n</tr>\r\n<tr>\r\n<td class=\"td5\">Ger\u00f4ncio Moreira de Souza</td>\r\n<td class=\"td5\" style=\"text-align: center; \">1949</td>\r\n</tr>\r\n<tr>\r\n<td class=\"td5\">Ademar Lougon Moulin</td>\r\n<td class=\"td5\" style=\"text-align: center; \">1950</td>\r\n</tr>\r\n<tr>\r\n<td class=\"td5\">Elias Moys\u00e9s</td>\r\n<td class=\"td5\" style=\"text-align: center; \">1951 \u2013 1953</td>\r\n</tr>\r\n<tr>\r\n<td class=\"td5\">Alcy da Silva C\u00e2ndido</td>\r\n<td class=\"td5\" style=\"text-align: center; \">1954</td>\r\n</tr>\r\n<tr>\r\n<td class=\"td5\">Joaquim Ant\u00f4nio C. Fran\u00e7a</td>\r\n<td class=\"td5\" style=\"text-align: center; \">1955 \u2013 1956</td>\r\n</tr>\r\n<tr>\r\n<td class=\"td5\">Enock Moreira de Fraga</td>\r\n<td class=\"td5\" style=\"text-align: center; \">1957 \u2013 1958</td>\r\n</tr>\r\n<tr>\r\n<td class=\"td5\">Abel Santana</td>\r\n<td class=\"td5\" style=\"text-align: center; \">1959 \u2013 1960</td>\r\n</tr>\r\n<tr>\r\n<td class=\"td5\">Cl\u00f3vis de Barros</td>\r\n<td class=\"td5\" style=\"text-align: center; \">1961</td>\r\n</tr>\r\n<tr>\r\n<td class=\"td5\">Geraldo Fragoso</td>\r\n<td class=\"td5\" style=\"text-align: center; \">1962</td>\r\n</tr>\r\n<tr>\r\n<td class=\"td5\">Elias Moys\u00e9s</td>\r\n<td class=\"td5\" style=\"text-align: center; \">1963 \u2013 1964</td>\r\n</tr>\r\n<tr>\r\n<td class=\"td5\">Luiz Gonzaga de Oliveira</td>\r\n<td class=\"td5\" style=\"text-align: center; \">1965</td>\r\n</tr>\r\n<tr>\r\n<td class=\"td5\">Rubens Soares da Silva</td>\r\n<td class=\"td5\" style=\"text-align: center; \">1966</td>\r\n</tr>\r\n<tr>\r\n<td class=\"td5\">Cl\u00f3vis de Barros</td>\r\n<td class=\"td5\" style=\"text-align: center; \">1967 \u2013 1970</td>\r\n</tr>\r\n<tr>\r\n<td class=\"td5\">Jorge Depes</td>\r\n<td class=\"td5\" style=\"text-align: center; \">1971 \u2013 1972</td>\r\n</tr>\r\n<tr>\r\n<td class=\"td5\">Ailton Coelho Costa</td>\r\n<td class=\"td5\" style=\"text-align: center; \">1973 \u2013 1974</td>\r\n</tr>\r\n<tr>\r\n<td class=\"td5\">Jos\u00e9 Ant\u00f4nio Dardengo</td>\r\n<td class=\"td5\" style=\"text-align: center; \">1975 \u2013 1976</td>\r\n</tr>\r\n<tr>\r\n<td class=\"td5\">Astor Dillem dos Santos</td>\r\n<td class=\"td5\" style=\"text-align: center; \">1977 \u2013 1978</td>\r\n</tr>\r\n<tr>\r\n<td class=\"td5\">Ilo Coelho</td>\r\n<td class=\"td5\" style=\"text-align: center; \">1979 \u2013 1980</td>\r\n</tr>\r\n<tr>\r\n<td class=\"td5\">Walter Sthel Cock</td>\r\n<td class=\"td5\" style=\"text-align: center; \">1981 \u2013 1982</td>\r\n</tr>\r\n<tr>\r\n<td class=\"td5\">Juarez Tavares Mata</td>\r\n<td class=\"td5\" style=\"text-align: center; \">1983 \u2013 1984</td>\r\n</tr>\r\n<tr>\r\n<td class=\"td5\">Jos\u00e9 Jo\u00e3o Sart\u00f3rio</td>\r\n<td class=\"td5\" style=\"text-align: center; \">1985 \u2013 1986</td>\r\n</tr>\r\n<tr>\r\n<td class=\"td5\">Solimar Bueno Patr\u00edcio</td>\r\n<td class=\"td5\" style=\"text-align: center; \">1987 \u2013 1990</td>\r\n</tr>\r\n<tr>\r\n<td class=\"td5\">Ant\u00f4nio Cezar Ferreira</td>\r\n<td class=\"td5\" style=\"text-align: center; \">1991 \u2013 1992</td>\r\n</tr>\r\n<tr>\r\n<td class=\"td5\">Anarim Albino da Silveira</td>\r\n<td class=\"td5\" style=\"text-align: center; \">1993 \u2013 1994</td>\r\n</tr>\r\n<tr>\r\n<td class=\"td5\">Juarez Tavares Matta</td>\r\n<td class=\"td5\" style=\"text-align: center; \">1995 \u2013 1996/1997 \u2013 1998/ 1999-2000/ 2001-2002/ 2003/2004</td>\r\n</tr>\r\n<tr>\r\n<td class=\"td5\">Marcos Salles Coelho</td>\r\n<td class=\"td5\" style=\"text-align: center; \">2005 \u2013 2006 /2007 \u2013 2008</td>\r\n</tr>\r\n<tr>\r\n<td class=\"td5\">David Alberto L\u00f3ss</td>\r\n<td class=\"td5\" style=\"text-align: center; \">2009-2010</td>\r\n</tr>\r\n<tr>\r\n<td class=\"td5\" style=\"text-align: left; \">J\u00falio C\u00e9sar Ferrari Cecotti</td>\r\n<td class=\"td5\" style=\"text-align: center; \">2011-2012</td>\r\n</tr>\r\n</tbody>\r\n</table>", "author_name": "cai", "version": "1.0", "author_url": "https://www.cachoeirodeitapemirim.es.leg.br/author/cai", "provider_name": "C\u00c2MARA MUNICIPAL DE CACHOEIRO DE ITAPEMIRIM", "type": "rich"}