{"provider_url": "https://www.cachoeirodeitapemirim.es.leg.br", "title": "C\u00e2mara e prefeitura decretam luto", "html": "<p>\u00a0</p>\r\n<p>\u00a0</p>\r\n<p align=\"left\"><span><span><span><span><span><span><span><span>A Prefeitura de Cachoeiro decretou luto oficial de tr\u00eas dias no munic\u00edpio, em raz\u00e3o do falecimento do vereador S</span></span></span></span></span><span><span><span><span><span>\u00ed</span></span></span></span><span><span><span><span>lvio Coelho Neto, mais conhecido como Silvinho, ocorrido nesta sexta-feira (4). A publica\u00e7\u00e3o do decreto ser\u00e1 feita na edi\u00e7\u00e3o de segunda-feira (7) do Di\u00e1rio Oficial do Munic\u00edpio, mas ele entra em vigor nesta sexta. </span></span></span></span><span><span><span><span>Na segunda-feira, o presidente Br\u00e1s Zagotto tamb\u00e9m far\u00e1 publicar um decreto de luto nas instala\u00e7\u00f5es do Poder Legislativo. </span></span></span></span><span><span><span><span><br /> <br /> </span></span></span></span><span><span><span><span>Al\u00e9m do decreto, a C\u00e2mara providencia a instala\u00e7\u00e3o de uma faixa preta no pr\u00e9dio, junto \u00e0 faixa vermelha que hoje orna a fachada, cuja coloca\u00e7\u00e3o foi solicitada pelo vereador Silvinho. </span></span></span></span></span></span></span></span><span><span><span><span><span><span><span>A faixa vermelha faz refer\u00eancia ao \u201cJunho Vermelho\u201d, campanha criada no munic\u00edpio por projeto de lei apresentado pelo vereador</span></span></span></span><span><span><span><span>, para orientar as pessoas sobre a import\u00e2ncia da doa\u00e7\u00e3o e incentivar os cachoeirenses a colaborarem com os bancos de sangue.</span></span></span></span></span></span></span></p>", "author_name": "Celia", "version": "1.0", "author_url": "https://www.cachoeirodeitapemirim.es.leg.br/author/Celia", "provider_name": "C\u00c2MARA MUNICIPAL DE CACHOEIRO DE ITAPEMIRIM", "type": "rich"}