{"provider_url": "https://www.cachoeirodeitapemirim.es.leg.br", "title": "Amaral visita C\u00e2mara de Cachoeiro", "html": "<p>\u00a0<img src=\"https://www.cachoeirodeitapemirim.es.leg.br/comunicacao/fotos/WhatsAppImage20220517at15.37.05.jpeg/@@images/fd2baf1a-01de-4135-99bc-7fe8a97dbb0e.jpeg\" alt=\"\" class=\"image-inline\" title=\"\" /></p>\r\n<p>\u00a0</p>\r\n<p>O ex-vereador Jos\u00e9 Carlos Amaral visitou nesta ter\u00e7a-feira (17) a C\u00e2mara de Cachoeiro e fez um breve pronunciamento durante a sess\u00e3o. Amaral comemorou o fato de estar se recuperando de um grave problema de sa\u00fade e anunciou sua disposi\u00e7\u00e3o de participar ativamente da campanha eleitoral. \u201cN\u00e3o serei candidato, mas apoiarei candidaturas de amigos, de pessoas em quem confio\u201d, afirmou.</p>\r\n<p>\u00a0</p>\r\n<p>O presidente da C\u00e2mara, Br\u00e1s Zagotto (Podemos) agradeceu ao ex-vereador pela visita e lembrou de momentos marcantes que viveram juntos, ao longo de v\u00e1rias legislaturas. E ressaltou o momento, em 2017, em que sugeriu que a tribuna da casa ganhasse o nome de Amaral, quando o amigo deixou as disputas eleitorais. \u201cFoi na tribuna da C\u00e2mara que Amaral brilhou durante todos esses anos, e ela n\u00e3o poderia ter outro nome\u201d, enalteceu Br\u00e1s.</p>", "author_name": "", "version": "1.0", "author_url": "https://www.cachoeirodeitapemirim.es.leg.br/author/celiaf", "provider_name": "C\u00c2MARA MUNICIPAL DE CACHOEIRO DE ITAPEMIRIM", "type": "rich"}